{"id":1131,"date":"2021-12-26T13:20:40","date_gmt":"2021-12-26T12:20:40","guid":{"rendered":"https:\/\/www.bartbarnard.nl\/blog\/?p=1131"},"modified":"2021-12-26T13:24:07","modified_gmt":"2021-12-26T12:24:07","slug":"la-peur-au-moyen-age","status":"publish","type":"post","link":"https:\/\/www.bartbarnard.nl\/blog\/la-peur-au-moyen-age\/","title":{"rendered":"La Peur au Moyen-\u00c2ge"},"content":{"rendered":"\n<p>Boekbespreking: La Peur au Moyen-\u00c2ge. Samuel Sadaune. \u00c9ditions Quest-France 2018.<\/p>\n\n\n\n<p><em>Ik werd op deze titel geattendeerd doordat ik <a href=\"https:\/\/twitter.com\/AgeMoyen\">@AgeMoyen<\/a> volg op Twitter. Omdat ik altijd ge\u00efrriteerd raak als mensen melden dat &#8216;ze in de Middeleeuwen constant in angst leefde&#8217; vond ik het hoopvol en interessant om hier eens een wat gefundeerder en wetenschappelijker expos\u00e9 over te lezen. Natuurlijk kun je relatief obscure Franstalige titels gewoon kopen <a href=\"https:\/\/www.amazon.fr\/\">bij Amazon.fr<\/a>, maar sinds kort heb ik een account op <a href=\"https:\/\/www.lalibrairie.com\/\">LaLibrairie.com<\/a>, die er prat op gaat de lokale en onafhankelijke boekwinkels te ondersteunen. Ik kocht daar dit boekje, samen met <a href=\"https:\/\/www.bartbarnard.nl\/blog\/modernite\/\">Modernit\u00e9 van Carole Talon-Hugon<\/a>.<\/em><\/p>\n\n\n\n<p><strong>Een prachtig boek<\/strong><\/p>\n\n\n\n<div class=\"wp-block-image\"><figure class=\"alignleft size-large is-resized\"><a href=\"https:\/\/www.bartbarnard.nl\/blog\/wp-content\/uploads\/2021\/12\/la-peur.png\"><img loading=\"lazy\" src=\"https:\/\/www.bartbarnard.nl\/blog\/wp-content\/uploads\/2021\/12\/la-peur.png\" alt=\"\" class=\"wp-image-1137\" width=\"251\" height=\"362\" srcset=\"https:\/\/www.bartbarnard.nl\/blog\/wp-content\/uploads\/2021\/12\/la-peur.png 676w, https:\/\/www.bartbarnard.nl\/blog\/wp-content\/uploads\/2021\/12\/la-peur-208x300.png 208w\" sizes=\"(max-width: 251px) 100vw, 251px\" \/><\/a><\/figure><\/div>\n\n\n\n<p>Ik was bijzonder aangenaam verrast toen ik het werk uitpakte. Niet alleen leek de tekst me op eerste gezicht bijzonder boeiend, maar vooral de vormgeving was erg fijn. Feitelijk krijg je twee boeken voor de prijs van \u00e9\u00e9n, want op elke pagina staat minstens \u00e9\u00e9n afbeelding, detail van een schilderij, of onderdeel van een manuscript. Al dit illustratieve materiaal wordt voorzien van een uitgebreide toelichting; dit heeft tot gevolg dat wanneer je de hoofdtekst uitgelezen hebt, je terugbladert naar het begin van het hoofdstuk om al die toelichtingen nog separaat te lezen.<\/p>\n\n\n\n<p>La Peur is onderdeel van een serie die wordt uitgegeven bij Oust-France. In deze serie, die inmiddels zo&#8217;n acht titels kent, worden diverse aspecten van het middeleeuwse leven vanuit specifieke oogpunten bekeken. Zo is er een boekje over <a href=\"https:\/\/www.lalibrairie.com\/livres\/inventions-et-decouvertes-au-moyen-age-dans-le-monde_0-1971216_9782737362415.html\">Uitvindingen en Ontdekkingen<\/a>, <a href=\"https:\/\/www.lalibrairie.com\/livres\/le-monde-au-moyen-age_0-8099852_9782737386350.html\">over de Wereld<\/a>, <a href=\"https:\/\/www.lalibrairie.com\/livres\/le-vin-au-moyen-age_0-5375749_9782951649491.html\">over Wijn<\/a> en zo verder. Na het lezen van deze eerste titel heb ik wel de neiging om de volledige serie aan te schaffen. Helaas (of, misschien, gelukkig) zijn de meeste titels momenteel <em>indisponable<\/em>.<\/p>\n\n\n\n<figure class=\"wp-block-image size-large\"><a href=\"https:\/\/www.bartbarnard.nl\/blog\/wp-content\/uploads\/2021\/12\/la-peur2.png\"><img loading=\"lazy\" width=\"1024\" height=\"753\" src=\"https:\/\/www.bartbarnard.nl\/blog\/wp-content\/uploads\/2021\/12\/la-peur2-1024x753.png\" alt=\"\" class=\"wp-image-1138\" srcset=\"https:\/\/www.bartbarnard.nl\/blog\/wp-content\/uploads\/2021\/12\/la-peur2-1024x753.png 1024w, https:\/\/www.bartbarnard.nl\/blog\/wp-content\/uploads\/2021\/12\/la-peur2-300x220.png 300w, https:\/\/www.bartbarnard.nl\/blog\/wp-content\/uploads\/2021\/12\/la-peur2-768x564.png 768w, https:\/\/www.bartbarnard.nl\/blog\/wp-content\/uploads\/2021\/12\/la-peur2.png 1026w\" sizes=\"(max-width: 1024px) 100vw, 1024px\" \/><\/a><figcaption>Voorbeeld van de bladspiegel van het boek.<\/figcaption><\/figure>\n\n\n\n<p><strong>De auteur<\/strong><br>Samual Sadaune (Parijs 1964) is een schrijver die gespecialiseerd is in de Middeleeuwen (en blijkbaar in Jules Verne). Na een werkzaam leven in de publieke sector is hij in 1998 gepromoveerd op de hygi\u00e8ne in het werk van Jules Verne. In 2010 is hij begonnen met een jeugdserie over de Middeleeuwen. Hij heeft flink wat titels op zijn naam staan (onder andere vijf jeugdromans over Aimeri: een jongen die leefde tijdens de regeerperiode van Philips IV, zo rond 1300).<\/p>\n\n\n\n<p><strong>Het werk<\/strong><br>Natuurlijk wordt het werk voorafgegaan met een korte discussie over het begrip &#8216;middeleeuwen&#8217; en of en in hoeverre we \u00fcberhaupt in dergelijke algemene termen kunnen spreken over &#8216;angst&#8217; in &#8216;de middeleeuwen&#8217;. Wanneer we &#8216;middeleeuwen&#8217; grofweg defini\u00ebren als de periode tussen Clovis en Columbus, wat kun je dan bijvoorbeeld zeggen over de angst voor de Vikingen? Natuurlijk, mensen in de tiende eeuw hadden een re\u00eble (en terechte) angst voor een inval van deze woeste noorderlingen. Maar wie maalde daar twee eeuwen later nog om?<\/p>\n\n\n\n<p>In deze discussie wordt ook uitgebreid stilgestaan bij de bronnen waaruit wordt geput om de informatie boven water te krijgen \u2013 en de problemen die daarmee samenhangen. We hebben administratieve bronnen, religieuze eschatologische bronnen, histori\u00ebn en wat we met een modern woord &#8216;kunst&#8217; zouden noemen. Het is waardevol van Sadaune hierbij stilstaat en de rest van de tekst daarmee in een goede context plaatst.<\/p>\n\n\n\n<p>Zoals gemeld heb je met dit boek eigenlijk twee werken in \u00e9\u00e9n. De rijke illustraties en de kwaliteit van het drukwerk en papier maken het werkelijk een plezier om te lezen. Maar niet alleen het oog, ook het intellect krijgt in dit werk voldoende aandacht. Het werk begint met een beschrijving van de angsten die de middeleeuwers plaagden (bijvoorbeeld angst voor het klimaat, voor armoede, honger, nieuwlichterij of de nacht) en vervolgt met een analyse van wat we nu kunnen zeggen over de angst ten tijde van de middeleeuwen. Waren de middeleeuwers depressies (antwoord: nee)? was de middeleeuwste tijd agressief (antwoord: ook nee)? Hoe zat het met de angst voor de ander, voor andere dieren of voor (al dan niet imaginaire) monster? En, tenslotte, hoe verhielden de middeleeuwers zich tot onduidelijke natuurlijke fenomenen (stormen, eclipsen, epidemie\u00ebn) of ziekten en de dood?<\/p>\n\n\n\n<p>Hoe begrijpelijk deze opzet ook is, het heeft wel een wat onevenwichtige verdeling van de hoofdstukken tot gevolg. Het eerste hoofdstuk (Les Peur du Quotidien) is 38 pagina&#8217;s lang, terwijl de resterende vijf hoofdstukken gemiddeld 13 pagina&#8217;s tellen. Typografisch komt dit ook ietwat ongelukkig uit de verf: de hoofdstukken beginnen weliswaar allemaal op een nieuwe pagina (een recto, met \u00e9\u00e9n kolom in plaats van twee), maar er zijn verschillende op zichzelf staande stukken tekst (toelichtingen, uitbreidingen, voorbeelden) waarvoor dit ook geldt. Tel daarbij op dat het boek, naar goed (en irritant) Frans gebruik de inhoudsgave aan het eind van de tekst heeft staan, en je kunt je voorstellen dat je als lezer wat op het verkeerde been wordt gezet (&#8216;begint hier nu een nieuw hoofdstuk of is dit een onderdeel van wat ik al aan het lezen was?&#8217;).<\/p>\n\n\n\n<p>Dit is evenwel een zeer kleine ergernis als je het vergelijkt met de waarde van de tekst zelf: lucide, ge\u00efnformeerd en (ook tekstueel) rijkelijk ge\u00efllustreerd. Als lezer wordt je werkelijk de leefwereld van de gemiddelde middeleeuwer ingezogen; je krijgt een inkijk in de belevingswereld en metafysica die het alledaagse leven uitmaakte, waarbij ook de verschillen en overeenkomsten met onze hedendaagse wereld worden benadrukt.<\/p>\n\n\n\n<p><strong>Redenen om dit boek niet te lezen<\/strong><br>Er zijn eigenlijk geen redenen om dit boek niet te lezen. Voor iedereen die ge\u00efnteresseerd is in geschiedenis en de middeleeuwen is dit een regelrechte aanrader. Toen ik dit boekje aan het lezen was en het dus in de kamer lag, pakte iedereen die op bezoek kwam (toegegeven, dat waren in verband met de pandemie niet heel veel mensen) het werk op om er toch op z&#8217;n minst even in de bladeren. En in te lezen.<\/p>\n\n\n\n<p>Een heel klein dingetje is het gemis aan een goede index en een overzichtelijk notenapparaat. Maar omdat het publiek van deze serie duidelijk niet wetenschappelijk is, is dat in dit geval misschien te verexcuseren.<\/p>\n\n\n\n<p><strong>Redenen om dit boek wel te lezen.<\/strong><br>Behalve de loftrompet die ik hierboven al blies, moet nog vermeld worden dat het werk de vermeende continue angst van de middeleeuwers is een goed perspectief plaatst. Natuurlijk was de wereld tussen Clovis en Columbus donkerder, onbekender en angstaanjagender dan onze hedendaagse wetenschappelijk leesbare wereld. Maar dat betekent nog niet dat iedereen continu depressief en angstig of zelfs maar bangig was. De mensen leefden hun leven, deden hun dingen, werden dronken of verliefd en hadden net zo veel sores als wij.<\/p>\n\n\n\n<blockquote class=\"wp-block-quote\"><p>En fait, l&#8217;homme m\u00e9di\u00e9val n&#8217;a pas peur de son quotidien, il s&#8217;y est habitu\u00e9, il sait comment il faut faire pour survivre \u00e0 chaque journ\u00e9e, m\u00eame si le moment venu, les choses son loin d&#8217;\u00eatre faciles. (p.12)<\/p><\/blockquote>\n","protected":false},"excerpt":{"rendered":"<p>Boekbespreking: La Peur au Moyen-\u00c2ge. Samuel Sadaune. \u00c9ditions Quest-France 2018. Ik werd op deze titel geattendeerd doordat ik @AgeMoyen volg op Twitter. Omdat ik altijd ge\u00efrriteerd raak als mensen melden dat &#8216;ze in de Middeleeuwen constant in angst leefde&#8217; vond ik het hoopvol en interessant om hier eens een wat gefundeerder en wetenschappelijker expos\u00e9 over<\/p>\n<p class=\"more-link\"><a href=\"https:\/\/www.bartbarnard.nl\/blog\/la-peur-au-moyen-age\/\" class=\"themebutton2\">Read More<\/a><\/p>\n","protected":false},"author":1,"featured_media":0,"comment_status":"open","ping_status":"open","sticky":false,"template":"","format":"standard","meta":[],"categories":[29],"tags":[45,53],"_links":{"self":[{"href":"https:\/\/www.bartbarnard.nl\/blog\/wp-json\/wp\/v2\/posts\/1131"}],"collection":[{"href":"https:\/\/www.bartbarnard.nl\/blog\/wp-json\/wp\/v2\/posts"}],"about":[{"href":"https:\/\/www.bartbarnard.nl\/blog\/wp-json\/wp\/v2\/types\/post"}],"author":[{"embeddable":true,"href":"https:\/\/www.bartbarnard.nl\/blog\/wp-json\/wp\/v2\/users\/1"}],"replies":[{"embeddable":true,"href":"https:\/\/www.bartbarnard.nl\/blog\/wp-json\/wp\/v2\/comments?post=1131"}],"version-history":[{"count":4,"href":"https:\/\/www.bartbarnard.nl\/blog\/wp-json\/wp\/v2\/posts\/1131\/revisions"}],"predecessor-version":[{"id":1142,"href":"https:\/\/www.bartbarnard.nl\/blog\/wp-json\/wp\/v2\/posts\/1131\/revisions\/1142"}],"wp:attachment":[{"href":"https:\/\/www.bartbarnard.nl\/blog\/wp-json\/wp\/v2\/media?parent=1131"}],"wp:term":[{"taxonomy":"category","embeddable":true,"href":"https:\/\/www.bartbarnard.nl\/blog\/wp-json\/wp\/v2\/categories?post=1131"},{"taxonomy":"post_tag","embeddable":true,"href":"https:\/\/www.bartbarnard.nl\/blog\/wp-json\/wp\/v2\/tags?post=1131"}],"curies":[{"name":"wp","href":"https:\/\/api.w.org\/{rel}","templated":true}]}}